{"id":79,"date":"2026-02-08T15:59:08","date_gmt":"2026-02-08T15:59:08","guid":{"rendered":"http:\/\/www.swidnickawyzerka.pl\/?p=79"},"modified":"2026-02-08T15:59:09","modified_gmt":"2026-02-08T15:59:09","slug":"twoja-ulubiona-pizzeria","status":"publish","type":"post","link":"https:\/\/www.swidnickawyzerka.pl\/?p=79","title":{"rendered":"Twoja ulubiona pizzeria?"},"content":{"rendered":"\n<p>9 lutego b\u0119dzie Mi\u0119dzynarodowy Dzie\u0144 Pizzy <img loading=\"lazy\" decoding=\"async\" height=\"16\" width=\"16\" src=\"https:\/\/static.xx.fbcdn.net\/images\/emoji.php\/v9\/t83\/1\/16\/1f60e.png\" alt=\"\ud83d\ude0e\"> Z tej okazji na moim fanpage na Facebooku otworzy\u0142am ma\u0142e g\u0142osowanko: wpisujcie w komentarzach wasze ulubione pizzerie.<\/p>\n\n\n\n<p><img loading=\"lazy\" decoding=\"async\" height=\"16\" width=\"16\" src=\"https:\/\/static.xx.fbcdn.net\/images\/emoji.php\/v9\/t68\/1\/16\/1f374.png\" alt=\"\ud83c\udf74\">9 lutego podlicz\u0119 g\u0142osy, a lokal z najwi\u0119ksz\u0105 ich liczb\u0105 dostanie do\u017cywotni wpis tutaj, sw\u00f3j post przypi\u0119ty na g\u00f3rze fanpage do ko\u0144ca lutego <img loading=\"lazy\" decoding=\"async\" height=\"16\" width=\"16\" src=\"https:\/\/static.xx.fbcdn.net\/images\/emoji.php\/v9\/t99\/1\/16\/1fa77.png\" alt=\"\ud83e\ude77\"> Dodatkowo osobi\u015bcie odwiedz\u0119 dane miejsce <img loading=\"lazy\" decoding=\"async\" height=\"16\" width=\"16\" src=\"https:\/\/static.xx.fbcdn.net\/images\/emoji.php\/v9\/t2\/1\/16\/1f60d.png\" alt=\"\ud83d\ude0d\"><\/p>\n\n\n\n<p>Link do FB: <a href=\"https:\/\/www.facebook.com\/share\/p\/17UeCMY9ze\/\">https:\/\/www.facebook.com\/share\/p\/17UeCMY9ze\/<\/a><\/p>\n\n\n\n<p><\/p>\n","protected":false},"excerpt":{"rendered":"<p>9 lutego b\u0119dzie Mi\u0119dzynarodowy Dzie\u0144 Pizzy Z tej okazji na moim fanpage na Facebooku otworzy\u0142am ma\u0142e g\u0142osowanko: wpisujcie w komentarzach wasze ulubione pizzerie. 9 lutego podlicz\u0119 g\u0142osy, a lokal z najwi\u0119ksz\u0105 ich liczb\u0105 dostanie do\u017cywotni wpis tutaj, sw\u00f3j post przypi\u0119ty na g\u00f3rze fanpage do ko\u0144ca lutego Dodatkowo osobi\u015bcie odwiedz\u0119 dane miejsce Link do FB: https:\/\/www.facebook.com\/share\/p\/17UeCMY9ze\/<\/p>\n","protected":false},"author":1,"featured_media":80,"comment_status":"open","ping_status":"open","sticky":false,"template":"","format":"standard","meta":{"footnotes":""},"categories":[3],"tags":[],"class_list":["post-79","post","type-post","status-publish","format-standard","has-post-thumbnail","hentry","category-inne"],"_links":{"self":[{"href":"https:\/\/www.swidnickawyzerka.pl\/index.php?rest_route=\/wp\/v2\/posts\/79","targetHints":{"allow":["GET"]}}],"collection":[{"href":"https:\/\/www.swidnickawyzerka.pl\/index.php?rest_route=\/wp\/v2\/posts"}],"about":[{"href":"https:\/\/www.swidnickawyzerka.pl\/index.php?rest_route=\/wp\/v2\/types\/post"}],"author":[{"embeddable":true,"href":"https:\/\/www.swidnickawyzerka.pl\/index.php?rest_route=\/wp\/v2\/users\/1"}],"replies":[{"embeddable":true,"href":"https:\/\/www.swidnickawyzerka.pl\/index.php?rest_route=%2Fwp%2Fv2%2Fcomments&post=79"}],"version-history":[{"count":1,"href":"https:\/\/www.swidnickawyzerka.pl\/index.php?rest_route=\/wp\/v2\/posts\/79\/revisions"}],"predecessor-version":[{"id":81,"href":"https:\/\/www.swidnickawyzerka.pl\/index.php?rest_route=\/wp\/v2\/posts\/79\/revisions\/81"}],"wp:featuredmedia":[{"embeddable":true,"href":"https:\/\/www.swidnickawyzerka.pl\/index.php?rest_route=\/wp\/v2\/media\/80"}],"wp:attachment":[{"href":"https:\/\/www.swidnickawyzerka.pl\/index.php?rest_route=%2Fwp%2Fv2%2Fmedia&parent=79"}],"wp:term":[{"taxonomy":"category","embeddable":true,"href":"https:\/\/www.swidnickawyzerka.pl\/index.php?rest_route=%2Fwp%2Fv2%2Fcategories&post=79"},{"taxonomy":"post_tag","embeddable":true,"href":"https:\/\/www.swidnickawyzerka.pl\/index.php?rest_route=%2Fwp%2Fv2%2Ftags&post=79"}],"curies":[{"name":"wp","href":"https:\/\/api.w.org\/{rel}","templated":true}]}}