{"id":29,"date":"2026-02-08T12:28:09","date_gmt":"2026-02-08T12:28:09","guid":{"rendered":"http:\/\/www.swidnickawyzerka.pl\/?p=29"},"modified":"2026-02-08T12:42:53","modified_gmt":"2026-02-08T12:42:53","slug":"restauracja-wieza","status":"publish","type":"post","link":"https:\/\/www.swidnickawyzerka.pl\/?p=29","title":{"rendered":"Restauracja Wie\u017ca"},"content":{"rendered":"\n<p><a href=\"https:\/\/www.facebook.com\/restauracjawieza?__cft__[0]=AZZaoFeDJkgFzEzOMGs6kr7LkbMD7guoXCmdMUde5x00F-b4orS2Rv5Mx_gXVvQTzkQU01yD7THf88G99KjR2VR1lO5yMAZYrJjnHYeacSDss-g4bCUp7e84cmcFflElxplp3Iv7Z5xhhVX-tZZZT2nO3zXlcs5lIZsiiW4PtMJDJQ&amp;__tn__=-]K-R\">Restauracja Wie\u017ca<\/a> .<\/p>\n\n\n\n<p>Jako wielka fanka makaronu (mi\u0119dzy innymi) musz\u0119 powiedzie\u0107, \u017ce ta pozycja z Wie\u017cy jest zdecydowanie 10 na 10. Kurczak nie \u017cylasty, makaron bardzo spoko, no i przede wszystkim czu\u0107 te sery jak nale\u017cy <img loading=\"lazy\" decoding=\"async\" height=\"16\" width=\"16\" src=\"https:\/\/static.xx.fbcdn.net\/images\/emoji.php\/v9\/tbf\/1\/16\/1f62c.png\" alt=\"\ud83d\ude2c\"><img loading=\"lazy\" decoding=\"async\" height=\"16\" width=\"16\" src=\"https:\/\/static.xx.fbcdn.net\/images\/emoji.php\/v9\/td3\/1\/16\/1f924.png\" alt=\"\ud83e\udd24\"><\/p>\n\n\n\n<p>Jedyne co mnie boli to porcja <img loading=\"lazy\" decoding=\"async\" height=\"16\" width=\"16\" src=\"https:\/\/static.xx.fbcdn.net\/images\/emoji.php\/v9\/t52\/1\/16\/1f648.png\" alt=\"\ud83d\ude48\"> jak dla mnie o wiele za ma\u0142a, ale pragn\u0119 przypomnie\u0107, \u017ce ja mam spust.<\/p>\n\n\n\n<p>No c\u00f3\u017c, czy zam\u00f3wi\u0119 ponownie? Zdecydowanie tak! Ale z jak\u0105\u015b zupk\u0105 albo dwa dania.<\/p>\n\n\n\n<p>Makaron jest naprawd\u0119 pyszny, zaryzykuj\u0119 powiedzie\u0107, \u017ce najlepszy jaki jad\u0142am w \u015awidnicy, ale porcja nie dla mnie.<\/p>\n\n\n\n<p>Je\u015bli jeste\u015bcie fanami makaronu, to t\u0105 pozycj\u0119 musicie zaliczy\u0107! <img loading=\"lazy\" decoding=\"async\" height=\"16\" width=\"16\" alt=\"\ud83d\udc96\" src=\"https:\/\/static.xx.fbcdn.net\/images\/emoji.php\/v9\/te9\/1\/16\/1f496.png\"><\/p>\n\n\n\n<p>Wybaczcie jako\u015b\u0107 zdj\u0119cia, standardowo &#8222;robionego kasztanem&#8221;, by\u0142am g\u0142odna i si\u0119 spieszy\u0142am <img loading=\"lazy\" decoding=\"async\" height=\"16\" width=\"16\" alt=\"\ud83d\ude06\" src=\"https:\/\/static.xx.fbcdn.net\/images\/emoji.php\/v9\/td4\/1\/16\/1f606.png\"><\/p>\n","protected":false},"excerpt":{"rendered":"<p>Restauracja Wie\u017ca . Jako wielka fanka makaronu (mi\u0119dzy innymi) musz\u0119 powiedzie\u0107, \u017ce ta pozycja z Wie\u017cy jest zdecydowanie 10 na 10. Kurczak nie \u017cylasty, makaron bardzo spoko, no i przede wszystkim czu\u0107 te sery jak nale\u017cy Jedyne co mnie boli to porcja jak dla mnie o wiele za ma\u0142a, ale pragn\u0119 przypomnie\u0107, \u017ce ja mam &hellip; <\/p>\n","protected":false},"author":1,"featured_media":30,"comment_status":"open","ping_status":"open","sticky":false,"template":"","format":"standard","meta":{"footnotes":""},"categories":[7],"tags":[],"class_list":["post-29","post","type-post","status-publish","format-standard","has-post-thumbnail","hentry","category-makarony"],"_links":{"self":[{"href":"https:\/\/www.swidnickawyzerka.pl\/index.php?rest_route=\/wp\/v2\/posts\/29","targetHints":{"allow":["GET"]}}],"collection":[{"href":"https:\/\/www.swidnickawyzerka.pl\/index.php?rest_route=\/wp\/v2\/posts"}],"about":[{"href":"https:\/\/www.swidnickawyzerka.pl\/index.php?rest_route=\/wp\/v2\/types\/post"}],"author":[{"embeddable":true,"href":"https:\/\/www.swidnickawyzerka.pl\/index.php?rest_route=\/wp\/v2\/users\/1"}],"replies":[{"embeddable":true,"href":"https:\/\/www.swidnickawyzerka.pl\/index.php?rest_route=%2Fwp%2Fv2%2Fcomments&post=29"}],"version-history":[{"count":1,"href":"https:\/\/www.swidnickawyzerka.pl\/index.php?rest_route=\/wp\/v2\/posts\/29\/revisions"}],"predecessor-version":[{"id":31,"href":"https:\/\/www.swidnickawyzerka.pl\/index.php?rest_route=\/wp\/v2\/posts\/29\/revisions\/31"}],"wp:featuredmedia":[{"embeddable":true,"href":"https:\/\/www.swidnickawyzerka.pl\/index.php?rest_route=\/wp\/v2\/media\/30"}],"wp:attachment":[{"href":"https:\/\/www.swidnickawyzerka.pl\/index.php?rest_route=%2Fwp%2Fv2%2Fmedia&parent=29"}],"wp:term":[{"taxonomy":"category","embeddable":true,"href":"https:\/\/www.swidnickawyzerka.pl\/index.php?rest_route=%2Fwp%2Fv2%2Fcategories&post=29"},{"taxonomy":"post_tag","embeddable":true,"href":"https:\/\/www.swidnickawyzerka.pl\/index.php?rest_route=%2Fwp%2Fv2%2Ftags&post=29"}],"curies":[{"name":"wp","href":"https:\/\/api.w.org\/{rel}","templated":true}]}}